{"id":2484,"date":"2025-04-17T15:53:33","date_gmt":"2025-04-17T15:53:33","guid":{"rendered":"https:\/\/modulfurniture.hu\/?p=2484"},"modified":"2025-05-04T16:11:44","modified_gmt":"2025-05-04T16:11:44","slug":"kuchenbeleuchtung-tipps-ideen","status":"publish","type":"post","link":"https:\/\/modulfurniture.hu\/de\/kuchenbeleuchtung-tipps-ideen\/","title":{"rendered":"Tipps und Ideen f\u00fcr die K\u00fcchenbeleuchtung: Praktische und \u00e4sthetische Beleuchtungsl\u00f6sungen"},"content":{"rendered":"<p>Die Beleuchtung der K\u00fcche ist nicht nur aus praktischen Gr\u00fcnden wichtig, sondern auch, weil sie die Atmosph\u00e4re und das Gesamtbild des Raumes bestimmt. Die richtige Beleuchtung ist f\u00fcr effizientes Arbeiten unerl\u00e4sslich, hebt die Atmosph\u00e4re der K\u00fcche hervor und verst\u00e4rkt den hochwertigen Eindruck. Moderne technologische L\u00f6sungen erm\u00f6glichen es, dass die K\u00fcchenbeleuchtung sowohl funktional als auch spektakul\u00e4r ist. Im Folgenden stellen wir Ihnen einige sehr beliebte und besonders n\u00fctzliche L\u00f6sungen f\u00fcr die K\u00fcchenbeleuchtung vor.<\/p>\n\n\n\n<h2 class=\"wp-block-heading\">LED-Profil f\u00fcr K\u00fcchenarbeitsplattenbeleuchtung<\/h2>\n\n\n\n<p>LED-Streifen zur Beleuchtung von Arbeitsfl\u00e4chen sind eine der beliebtesten L\u00f6sungen in K\u00fcchen. Unter den Oberschr\u00e4nken oder versenkt montierte LED-Streifen sorgen f\u00fcr eine direkte Beleuchtung der Arbeitsfl\u00e4che und erleichtern so das Kochen und Vorbereiten. Diese K\u00fcchenleuchten sind energiesparend, langlebig und f\u00fcgen sich unauff\u00e4llig in das Erscheinungsbild der K\u00fcche ein. Verschiedene Helligkeitsstufen und Farbtemperaturen erm\u00f6glichen es, die Atmosph\u00e4re in der K\u00fcche ganz einfach per Knopfdruck zu regulieren.<\/p>\n\n\n\n<figure class=\"wp-block-gallery has-nested-images columns-default is-cropped wp-block-gallery-1 is-layout-flex wp-block-gallery-is-layout-flex\">\n<figure class=\"wp-block-image size-full\"><img fetchpriority=\"high\" decoding=\"async\" width=\"2560\" height=\"1713\" data-id=\"2487\" src=\"https:\/\/modulfurniture.hu\/wp-content\/uploads\/2025\/05\/pultmegvilagito-led-2.webp\" alt=\"\" class=\"wp-image-2487\" srcset=\"https:\/\/modulfurniture.hu\/wp-content\/uploads\/2025\/05\/pultmegvilagito-led-2.webp 2560w, https:\/\/modulfurniture.hu\/wp-content\/uploads\/2025\/05\/pultmegvilagito-led-2-300x201.webp 300w, https:\/\/modulfurniture.hu\/wp-content\/uploads\/2025\/05\/pultmegvilagito-led-2-1024x685.webp 1024w, https:\/\/modulfurniture.hu\/wp-content\/uploads\/2025\/05\/pultmegvilagito-led-2-768x514.webp 768w, https:\/\/modulfurniture.hu\/wp-content\/uploads\/2025\/05\/pultmegvilagito-led-2-1536x1028.webp 1536w, https:\/\/modulfurniture.hu\/wp-content\/uploads\/2025\/05\/pultmegvilagito-led-2-2048x1370.webp 2048w\" sizes=\"(max-width: 2560px) 100vw, 2560px\" \/><\/figure>\n\n\n\n<figure class=\"wp-block-image size-large\"><img decoding=\"async\" width=\"564\" height=\"705\" data-id=\"2488\" src=\"https:\/\/modulfurniture.hu\/wp-content\/uploads\/2025\/05\/pultmegvilagito-led-3-forras-pinterest.webp\" alt=\"\" class=\"wp-image-2488\" srcset=\"https:\/\/modulfurniture.hu\/wp-content\/uploads\/2025\/05\/pultmegvilagito-led-3-forras-pinterest.webp 564w, https:\/\/modulfurniture.hu\/wp-content\/uploads\/2025\/05\/pultmegvilagito-led-3-forras-pinterest-240x300.webp 240w\" sizes=\"(max-width: 564px) 100vw, 564px\" \/><\/figure>\n<\/figure>\n\n\n\n<div class=\"wp-block-columns is-layout-flex wp-container-core-columns-is-layout-9d6595d7 wp-block-columns-is-layout-flex\">\n<div class=\"wp-block-column is-layout-flow wp-block-column-is-layout-flow\" style=\"flex-basis:100%\">\n<div style=\"height:17px\" aria-hidden=\"true\" class=\"wp-block-spacer\"><\/div>\n<\/div>\n<\/div>\n\n\n\n<h2 class=\"wp-block-heading\">\u00d6ffnungssensor Schublade Beleuchtung Lichtquelle<\/h2>\n\n\n\n<p>Die \u00d6ffnungssensor-Schubladenbeleuchtung ist eine praktische und auff\u00e4llige L\u00f6sung, die sich automatisch einschaltet, wenn die Schublade herausgezogen wird. Diese Technologie kann besonders bei tieferen oder dunkleren Elementen n\u00fctzlich sein, bei denen es schwierig w\u00e4re, die ben\u00f6tigten Utensilien bei schlechten Lichtverh\u00e4ltnissen zu finden. Dar\u00fcber hinaus kann die Schubladenbeleuchtung auch bei Elementen besonders n\u00fctzlich sein, bei denen wir mit zus\u00e4tzlichem Licht das Niveau der K\u00fcche erh\u00f6hen m\u00f6chten.&nbsp;<\/p>\n\n\n\n<figure class=\"wp-block-gallery has-nested-images columns-default is-cropped wp-block-gallery-2 is-layout-flex wp-block-gallery-is-layout-flex\">\n<figure class=\"wp-block-image size-large\"><img decoding=\"async\" width=\"560\" height=\"700\" data-id=\"2489\" src=\"https:\/\/modulfurniture.hu\/wp-content\/uploads\/2025\/05\/fiokvilagitas-1-forras-ikea.webp\" alt=\"\" class=\"wp-image-2489\" srcset=\"https:\/\/modulfurniture.hu\/wp-content\/uploads\/2025\/05\/fiokvilagitas-1-forras-ikea.webp 560w, https:\/\/modulfurniture.hu\/wp-content\/uploads\/2025\/05\/fiokvilagitas-1-forras-ikea-240x300.webp 240w\" sizes=\"(max-width: 560px) 100vw, 560px\" \/><\/figure>\n\n\n\n<figure class=\"wp-block-image size-large\"><img loading=\"lazy\" decoding=\"async\" width=\"564\" height=\"719\" data-id=\"2490\" src=\"https:\/\/modulfurniture.hu\/wp-content\/uploads\/2025\/05\/fiokvilagitas-2-forras-pinterest.webp\" alt=\"\" class=\"wp-image-2490\" srcset=\"https:\/\/modulfurniture.hu\/wp-content\/uploads\/2025\/05\/fiokvilagitas-2-forras-pinterest.webp 564w, https:\/\/modulfurniture.hu\/wp-content\/uploads\/2025\/05\/fiokvilagitas-2-forras-pinterest-235x300.webp 235w\" sizes=\"(max-width: 564px) 100vw, 564px\" \/><\/figure>\n<\/figure>\n\n\n\n<div style=\"height:30px\" aria-hidden=\"true\" class=\"wp-block-spacer\"><\/div>\n\n\n\n<h2 class=\"wp-block-heading\">Vitrinen-Schrankbeleuchtung<\/h2>\n\n\n\n<p>Vitrinen k\u00f6nnen in der K\u00fcche nicht nur als Stauraum, sondern auch als Dekorationselement dienen, da ihr Inhalt meist wesentlich zum Gesamtbild der K\u00fcche beitr\u00e4gt. Bei Vitrinenschr\u00e4nken hebt die Innenbeleuchtung den Inhalt der Glasvitrinen hervorragend hervor, egal ob es sich um spektakul\u00e4res Geschirr, Gl\u00e4sersets oder sogar Vasen handelt. Die Innenbeleuchtung mit einer Farbtemperatur von etwa 2700 K bis 3000 K strahlt Eleganz aus und sorgt gleichzeitig f\u00fcr ein angenehmes, weiches Licht in diesem Bereich der K\u00fcche.&nbsp;<\/p>\n\n\n\n<figure class=\"wp-block-gallery has-nested-images columns-default is-cropped wp-block-gallery-3 is-layout-flex wp-block-gallery-is-layout-flex\">\n<figure class=\"wp-block-image size-large\"><img loading=\"lazy\" decoding=\"async\" width=\"533\" height=\"800\" data-id=\"2491\" src=\"https:\/\/modulfurniture.hu\/wp-content\/uploads\/2025\/05\/vitrines-szekreny-2-forras-pinterest.webp\" alt=\"\" class=\"wp-image-2491\" srcset=\"https:\/\/modulfurniture.hu\/wp-content\/uploads\/2025\/05\/vitrines-szekreny-2-forras-pinterest.webp 533w, https:\/\/modulfurniture.hu\/wp-content\/uploads\/2025\/05\/vitrines-szekreny-2-forras-pinterest-200x300.webp 200w\" sizes=\"(max-width: 533px) 100vw, 533px\" \/><\/figure>\n\n\n\n<figure class=\"wp-block-image size-large\"><img loading=\"lazy\" decoding=\"async\" width=\"736\" height=\"917\" data-id=\"2492\" src=\"https:\/\/modulfurniture.hu\/wp-content\/uploads\/2025\/05\/vitrines-szekreny-1-forras-pinterest.webp\" alt=\"\" class=\"wp-image-2492\" srcset=\"https:\/\/modulfurniture.hu\/wp-content\/uploads\/2025\/05\/vitrines-szekreny-1-forras-pinterest.webp 736w, https:\/\/modulfurniture.hu\/wp-content\/uploads\/2025\/05\/vitrines-szekreny-1-forras-pinterest-241x300.webp 241w\" sizes=\"(max-width: 736px) 100vw, 736px\" \/><\/figure>\n\n\n\n<figure class=\"wp-block-image size-large\"><img loading=\"lazy\" decoding=\"async\" width=\"564\" height=\"858\" data-id=\"2493\" src=\"https:\/\/modulfurniture.hu\/wp-content\/uploads\/2025\/05\/vitrines-szekreny-3-forras-pinterest.webp\" alt=\"\" class=\"wp-image-2493\" srcset=\"https:\/\/modulfurniture.hu\/wp-content\/uploads\/2025\/05\/vitrines-szekreny-3-forras-pinterest.webp 564w, https:\/\/modulfurniture.hu\/wp-content\/uploads\/2025\/05\/vitrines-szekreny-3-forras-pinterest-197x300.webp 197w\" sizes=\"(max-width: 564px) 100vw, 564px\" \/><\/figure>\n<\/figure>\n\n\n\n<div style=\"height:30px\" aria-hidden=\"true\" class=\"wp-block-spacer\"><\/div>\n\n\n\n<h2 class=\"wp-block-heading\">\u00d6ffnungssensor f\u00fcr Oberschrankbeleuchtung<\/h2>\n\n\n\n<p>Die \u00d6ffnungssensor-Oberlichtbeleuchtung ist die perfekte L\u00f6sung f\u00fcr geschlossene Oberschr\u00e4nke, in denen das Licht oft begrenzt ist. Wenn wir die Schrankt\u00fcr \u00f6ffnen, schaltet sich \u2013 \u00e4hnlich wie bei der Schubladenbeleuchtung \u2013 die eingebaute Beleuchtung automatisch ein, sodass wir sofort den Inhalt des Schranks sehen k\u00f6nnen. Diese Technologie erleichtert auch die Organisation tieferer Schr\u00e4nke, da der jeweilige Stauraum dadurch viel \u00fcbersichtlicher wird.<\/p>\n\n\n\n<figure class=\"wp-block-gallery has-nested-images columns-default is-cropped wp-block-gallery-4 is-layout-flex wp-block-gallery-is-layout-flex\">\n<figure class=\"wp-block-image size-large\"><img loading=\"lazy\" decoding=\"async\" width=\"563\" height=\"844\" data-id=\"2494\" src=\"https:\/\/modulfurniture.hu\/wp-content\/uploads\/2025\/05\/zart-szekreny-3-forras-pinterest.webp\" alt=\"\" class=\"wp-image-2494\" srcset=\"https:\/\/modulfurniture.hu\/wp-content\/uploads\/2025\/05\/zart-szekreny-3-forras-pinterest.webp 563w, https:\/\/modulfurniture.hu\/wp-content\/uploads\/2025\/05\/zart-szekreny-3-forras-pinterest-200x300.webp 200w\" sizes=\"(max-width: 563px) 100vw, 563px\" \/><\/figure>\n\n\n\n<figure class=\"wp-block-image size-large\"><img loading=\"lazy\" decoding=\"async\" width=\"564\" height=\"840\" data-id=\"2495\" src=\"https:\/\/modulfurniture.hu\/wp-content\/uploads\/2025\/05\/zart-szekreny-2-forras-pinterest.webp\" alt=\"\" class=\"wp-image-2495\" srcset=\"https:\/\/modulfurniture.hu\/wp-content\/uploads\/2025\/05\/zart-szekreny-2-forras-pinterest.webp 564w, https:\/\/modulfurniture.hu\/wp-content\/uploads\/2025\/05\/zart-szekreny-2-forras-pinterest-201x300.webp 201w\" sizes=\"(max-width: 564px) 100vw, 564px\" \/><\/figure>\n\n\n\n<figure class=\"wp-block-image size-large\"><img loading=\"lazy\" decoding=\"async\" width=\"564\" height=\"752\" data-id=\"2496\" src=\"https:\/\/modulfurniture.hu\/wp-content\/uploads\/2025\/05\/zart-szekreny-1-forras-pinterest.webp\" alt=\"\" class=\"wp-image-2496\" srcset=\"https:\/\/modulfurniture.hu\/wp-content\/uploads\/2025\/05\/zart-szekreny-1-forras-pinterest.webp 564w, https:\/\/modulfurniture.hu\/wp-content\/uploads\/2025\/05\/zart-szekreny-1-forras-pinterest-225x300.webp 225w\" sizes=\"(max-width: 564px) 100vw, 564px\" \/><\/figure>\n<\/figure>\n\n\n\n<div style=\"height:30px\" aria-hidden=\"true\" class=\"wp-block-spacer\"><\/div>\n\n\n\n<h2 class=\"wp-block-heading\">Sockelleisten-Dekorleuchte<\/h2>\n\n\n\n<p>Die in den Sockel einbaubare Dekorleuchte kann vor allem als stimmungsvolles Element in K\u00fcchen eingesetzt werden. Die entlang des Sockels der K\u00fcchenschr\u00e4nke verlaufende LED-Beleuchtung spendet ein sanftes, diffuses Licht, das den Raum dezent ausleuchtet, ohne zu st\u00f6ren. Diese L\u00f6sung kann besonders n\u00fctzlich sein, wenn Sie die K\u00fcche sp\u00e4t abends oder nachts nutzen m\u00f6chten, ohne die gesamte Beleuchtung einschalten zu m\u00fcssen.<\/p>\n\n\n\n<figure class=\"wp-block-gallery has-nested-images columns-default is-cropped wp-block-gallery-5 is-layout-flex wp-block-gallery-is-layout-flex\">\n<figure class=\"wp-block-image size-large\"><img loading=\"lazy\" decoding=\"async\" width=\"564\" height=\"842\" data-id=\"2498\" src=\"https:\/\/modulfurniture.hu\/wp-content\/uploads\/2025\/05\/labazat-1-forras-pinterest.webp\" alt=\"\" class=\"wp-image-2498\" srcset=\"https:\/\/modulfurniture.hu\/wp-content\/uploads\/2025\/05\/labazat-1-forras-pinterest.webp 564w, https:\/\/modulfurniture.hu\/wp-content\/uploads\/2025\/05\/labazat-1-forras-pinterest-201x300.webp 201w\" sizes=\"(max-width: 564px) 100vw, 564px\" \/><\/figure>\n\n\n\n<figure class=\"wp-block-image size-large\"><img loading=\"lazy\" decoding=\"async\" width=\"422\" height=\"634\" data-id=\"2497\" src=\"https:\/\/modulfurniture.hu\/wp-content\/uploads\/2025\/05\/labazat-2-forras-pinterest.webp\" alt=\"\" class=\"wp-image-2497\" srcset=\"https:\/\/modulfurniture.hu\/wp-content\/uploads\/2025\/05\/labazat-2-forras-pinterest.webp 422w, https:\/\/modulfurniture.hu\/wp-content\/uploads\/2025\/05\/labazat-2-forras-pinterest-200x300.webp 200w\" sizes=\"(max-width: 422px) 100vw, 422px\" \/><\/figure>\n<\/figure>\n\n\n\n<div style=\"height:30px\" aria-hidden=\"true\" class=\"wp-block-spacer\"><\/div>\n\n\n\n<h2 class=\"wp-block-heading\">Funktionale Deckenstrahler<\/h2>\n\n\n\n<p>Eine funktionale Deckenleuchte ist ein grundlegendes und unverzichtbares Accessoire f\u00fcr jede K\u00fcche. Wir alle wissen, dass f\u00fcr bestimmte Arbeitsabl\u00e4ufe eine gleichm\u00e4\u00dfige Ausleuchtung des gesamten Raums unerl\u00e4sslich ist. Moderne Deckenleuchten von heute sind nicht nur hervorragend in ihrer Lichtwirkung, sondern k\u00f6nnen auch stilvolle Accessoires f\u00fcr den Raum sein.<\/p>\n\n\n\n<figure class=\"wp-block-gallery has-nested-images columns-default is-cropped wp-block-gallery-6 is-layout-flex wp-block-gallery-is-layout-flex\">\n<figure class=\"wp-block-image size-large\"><img loading=\"lazy\" decoding=\"async\" width=\"564\" height=\"774\" data-id=\"2499\" src=\"https:\/\/modulfurniture.hu\/wp-content\/uploads\/2025\/05\/mennyezeti-lampa-2-forras-pinterest.jpg\" alt=\"\" class=\"wp-image-2499\" srcset=\"https:\/\/modulfurniture.hu\/wp-content\/uploads\/2025\/05\/mennyezeti-lampa-2-forras-pinterest.jpg 564w, https:\/\/modulfurniture.hu\/wp-content\/uploads\/2025\/05\/mennyezeti-lampa-2-forras-pinterest-219x300.jpg 219w\" sizes=\"(max-width: 564px) 100vw, 564px\" \/><\/figure>\n\n\n\n<figure class=\"wp-block-image size-large\"><img loading=\"lazy\" decoding=\"async\" width=\"564\" height=\"689\" data-id=\"2500\" src=\"https:\/\/modulfurniture.hu\/wp-content\/uploads\/2025\/05\/mennyezeti-lampa-3-forras-pinterest.jpg\" alt=\"\" class=\"wp-image-2500\" srcset=\"https:\/\/modulfurniture.hu\/wp-content\/uploads\/2025\/05\/mennyezeti-lampa-3-forras-pinterest.jpg 564w, https:\/\/modulfurniture.hu\/wp-content\/uploads\/2025\/05\/mennyezeti-lampa-3-forras-pinterest-246x300.jpg 246w\" sizes=\"(max-width: 564px) 100vw, 564px\" \/><\/figure>\n\n\n\n<figure class=\"wp-block-image size-large\"><img loading=\"lazy\" decoding=\"async\" width=\"1024\" height=\"663\" data-id=\"2501\" src=\"https:\/\/modulfurniture.hu\/wp-content\/uploads\/2025\/05\/mennyezeti-lampa-1-1024x663.jpg\" alt=\"\" class=\"wp-image-2501\" srcset=\"https:\/\/modulfurniture.hu\/wp-content\/uploads\/2025\/05\/mennyezeti-lampa-1-1024x663.jpg 1024w, https:\/\/modulfurniture.hu\/wp-content\/uploads\/2025\/05\/mennyezeti-lampa-1-300x194.jpg 300w, https:\/\/modulfurniture.hu\/wp-content\/uploads\/2025\/05\/mennyezeti-lampa-1-768x497.jpg 768w, https:\/\/modulfurniture.hu\/wp-content\/uploads\/2025\/05\/mennyezeti-lampa-1-1536x995.jpg 1536w, https:\/\/modulfurniture.hu\/wp-content\/uploads\/2025\/05\/mennyezeti-lampa-1-2048x1326.jpg 2048w\" sizes=\"(max-width: 1024px) 100vw, 1024px\" \/><\/figure>\n<\/figure>\n\n\n\n<div style=\"height:30px\" aria-hidden=\"true\" class=\"wp-block-spacer\"><\/div>\n\n\n\n<h2 class=\"wp-block-heading\">Wanddekorationslampe<\/h2>\n\n\n\n<p>Wanddekorationen und Stimmungsbeleuchtungen werden in modernen K\u00fcchen immer beliebter, da diese Beleuchtungsl\u00f6sungen ein einzigartiges Gesamtbild und gleichzeitig eine angenehme Atmosph\u00e4re schaffen k\u00f6nnen. An der Wand montierte Lichtquellen sorgen f\u00fcr ein dezentes, diffuses Licht, das ma\u00dfgeblich zur angenehmen Atmosph\u00e4re in der K\u00fcche beitr\u00e4gt. Diese Innenleuchten sind nicht nur funktional, sondern dienen auch als dekorative Elemente f\u00fcr ein perfektes K\u00fcchenbild.<\/p>\n\n\n\n<figure class=\"wp-block-gallery has-nested-images columns-default is-cropped wp-block-gallery-7 is-layout-flex wp-block-gallery-is-layout-flex\">\n<figure class=\"wp-block-image size-large\"><img loading=\"lazy\" decoding=\"async\" width=\"564\" height=\"564\" data-id=\"2502\" src=\"https:\/\/modulfurniture.hu\/wp-content\/uploads\/2025\/05\/fali-lampa-1-forras-pinterest.jpg\" alt=\"\" class=\"wp-image-2502\" srcset=\"https:\/\/modulfurniture.hu\/wp-content\/uploads\/2025\/05\/fali-lampa-1-forras-pinterest.jpg 564w, https:\/\/modulfurniture.hu\/wp-content\/uploads\/2025\/05\/fali-lampa-1-forras-pinterest-300x300.jpg 300w, https:\/\/modulfurniture.hu\/wp-content\/uploads\/2025\/05\/fali-lampa-1-forras-pinterest-150x150.jpg 150w\" sizes=\"(max-width: 564px) 100vw, 564px\" \/><\/figure>\n\n\n\n<figure class=\"wp-block-image size-large\"><img loading=\"lazy\" decoding=\"async\" width=\"564\" height=\"846\" data-id=\"2503\" src=\"https:\/\/modulfurniture.hu\/wp-content\/uploads\/2025\/05\/fali-lampa-2-forras-pinterest.jpg\" alt=\"\" class=\"wp-image-2503\" srcset=\"https:\/\/modulfurniture.hu\/wp-content\/uploads\/2025\/05\/fali-lampa-2-forras-pinterest.jpg 564w, https:\/\/modulfurniture.hu\/wp-content\/uploads\/2025\/05\/fali-lampa-2-forras-pinterest-200x300.jpg 200w\" sizes=\"(max-width: 564px) 100vw, 564px\" \/><\/figure>\n\n\n\n<figure class=\"wp-block-image size-large\"><img loading=\"lazy\" decoding=\"async\" width=\"508\" height=\"900\" data-id=\"2504\" src=\"https:\/\/modulfurniture.hu\/wp-content\/uploads\/2025\/05\/fali-lampa-3-forras-pinterest.jpg\" alt=\"\" class=\"wp-image-2504\" srcset=\"https:\/\/modulfurniture.hu\/wp-content\/uploads\/2025\/05\/fali-lampa-3-forras-pinterest.jpg 508w, https:\/\/modulfurniture.hu\/wp-content\/uploads\/2025\/05\/fali-lampa-3-forras-pinterest-169x300.jpg 169w\" sizes=\"(max-width: 508px) 100vw, 508px\" \/><\/figure>\n<\/figure>\n\n\n\n<div style=\"height:30px\" aria-hidden=\"true\" class=\"wp-block-spacer\"><\/div>\n\n\n\n<p>Bei der Planung der K\u00fcchenbeleuchtung ist es wichtig, sowohl praktische als auch \u00e4sthetische Aspekte zu ber\u00fccksichtigen. LED-B\u00e4nder zur Beleuchtung von Arbeitsfl\u00e4chen und Beleuchtungsl\u00f6sungen mit \u00d6ffnungssensoren machen die t\u00e4gliche Arbeit komfortabler und effizienter, w\u00e4hrend Vitrinen, Sockelleuchten und Stimmungsbeleuchtung dem Raum Eleganz und einen einzigartigen Stil verleihen und die hochwertige Atmosph\u00e4re des Raumes unterstreichen. In modernen K\u00fcchen erf\u00fcllen Leuchten nicht nur ihre praktische Funktion, sondern tragen auch zu einem gem\u00fctlichen, gut gestalteten Interieur bei.<\/p>","protected":false},"excerpt":{"rendered":"<p>A konyha vil\u00e1g\u00edt\u00e1sa nemcsak a praktikum miatt fontos, hanem az\u00e9rt is, mert meghat\u00e1rozza a helyis\u00e9g hangulat\u00e1t \u00e9s \u00f6sszk\u00e9p\u00e9t is. A megfelel\u0151 vil\u00e1g\u00edt\u00e1s elengedhetetlen a hat\u00e9kony munkav\u00e9gz\u00e9shez, illetve feldobja a konyha atmoszf\u00e9r\u00e1j\u00e1t \u00e9s fokozza a min\u0151s\u00e9gi megjelen\u00e9st. A modern technol\u00f3giai megold\u00e1sok lehet\u0151v\u00e9 teszik, hogy a konyhai vil\u00e1g\u00edt\u00e1s egyszerre legyen funkcion\u00e1lis \u00e9s l\u00e1tv\u00e1nyos is. Az al\u00e1bbiakban bemutatunk [&hellip;]<\/p>","protected":false},"author":2,"featured_media":2501,"comment_status":"open","ping_status":"open","sticky":false,"template":"","format":"standard","meta":{"_seopress_robots_primary_cat":"none","_seopress_titles_title":"Konyhai vil\u00e1g\u00edt\u00e1s tippek: Praktikus \u00e9s eszt\u00e9tikus l\u00e1mpa megold\u00e1sok","_seopress_titles_desc":"Konyhai vil\u00e1g\u00edt\u00e1s tippek: Praktikus \u00e9s eszt\u00e9tikus l\u00e1mpa megold\u00e1sok. Vil\u00e1g\u00edt\u00e1s \u00f6tletek a konyh\u00e1ba. Fali \u00e9s mennyezeti l\u00e1mp\u00e1k, LED pultmegvil\u00e1g\u00edt\u00f3 \u00e9s egy\u00e9b tippek.","_seopress_robots_index":"","inline_featured_image":false,"ocean_post_layout":"","ocean_both_sidebars_style":"","ocean_both_sidebars_content_width":0,"ocean_both_sidebars_sidebars_width":0,"ocean_sidebar":"","ocean_second_sidebar":"","ocean_disable_margins":"enable","ocean_add_body_class":"","ocean_shortcode_before_top_bar":"","ocean_shortcode_after_top_bar":"","ocean_shortcode_before_header":"","ocean_shortcode_after_header":"","ocean_has_shortcode":"","ocean_shortcode_after_title":"","ocean_shortcode_before_footer_widgets":"","ocean_shortcode_after_footer_widgets":"","ocean_shortcode_before_footer_bottom":"","ocean_shortcode_after_footer_bottom":"","ocean_display_top_bar":"default","ocean_display_header":"default","ocean_header_style":"","ocean_center_header_left_menu":"","ocean_custom_header_template":"","ocean_custom_logo":0,"ocean_custom_retina_logo":0,"ocean_custom_logo_max_width":0,"ocean_custom_logo_tablet_max_width":0,"ocean_custom_logo_mobile_max_width":0,"ocean_custom_logo_max_height":0,"ocean_custom_logo_tablet_max_height":0,"ocean_custom_logo_mobile_max_height":0,"ocean_header_custom_menu":"","ocean_menu_typo_font_family":"","ocean_menu_typo_font_subset":"","ocean_menu_typo_font_size":0,"ocean_menu_typo_font_size_tablet":0,"ocean_menu_typo_font_size_mobile":0,"ocean_menu_typo_font_size_unit":"px","ocean_menu_typo_font_weight":"","ocean_menu_typo_font_weight_tablet":"","ocean_menu_typo_font_weight_mobile":"","ocean_menu_typo_transform":"","ocean_menu_typo_transform_tablet":"","ocean_menu_typo_transform_mobile":"","ocean_menu_typo_line_height":0,"ocean_menu_typo_line_height_tablet":0,"ocean_menu_typo_line_height_mobile":0,"ocean_menu_typo_line_height_unit":"","ocean_menu_typo_spacing":0,"ocean_menu_typo_spacing_tablet":0,"ocean_menu_typo_spacing_mobile":0,"ocean_menu_typo_spacing_unit":"","ocean_menu_link_color":"","ocean_menu_link_color_hover":"","ocean_menu_link_color_active":"","ocean_menu_link_background":"","ocean_menu_link_hover_background":"","ocean_menu_link_active_background":"","ocean_menu_social_links_bg":"","ocean_menu_social_hover_links_bg":"","ocean_menu_social_links_color":"","ocean_menu_social_hover_links_color":"","ocean_disable_title":"default","ocean_disable_heading":"default","ocean_post_title":"","ocean_post_subheading":"","ocean_post_title_style":"","ocean_post_title_background_color":"","ocean_post_title_background":0,"ocean_post_title_bg_image_position":"","ocean_post_title_bg_image_attachment":"","ocean_post_title_bg_image_repeat":"","ocean_post_title_bg_image_size":"","ocean_post_title_height":0,"ocean_post_title_bg_overlay":0.5,"ocean_post_title_bg_overlay_color":"","ocean_disable_breadcrumbs":"default","ocean_breadcrumbs_color":"","ocean_breadcrumbs_separator_color":"","ocean_breadcrumbs_links_color":"","ocean_breadcrumbs_links_hover_color":"","ocean_display_footer_widgets":"default","ocean_display_footer_bottom":"default","ocean_custom_footer_template":"","ocean_post_oembed":"","ocean_post_self_hosted_media":"","ocean_post_video_embed":"","ocean_link_format":"","ocean_link_format_target":"self","ocean_quote_format":"","ocean_quote_format_link":"post","ocean_gallery_link_images":"on","ocean_gallery_id":[],"footnotes":""},"categories":[1],"tags":[],"class_list":["post-2484","post","type-post","status-publish","format-standard","has-post-thumbnail","hentry","category-uncategorized","entry","has-media"],"_links":{"self":[{"href":"https:\/\/modulfurniture.hu\/de\/wp-json\/wp\/v2\/posts\/2484","targetHints":{"allow":["GET"]}}],"collection":[{"href":"https:\/\/modulfurniture.hu\/de\/wp-json\/wp\/v2\/posts"}],"about":[{"href":"https:\/\/modulfurniture.hu\/de\/wp-json\/wp\/v2\/types\/post"}],"author":[{"embeddable":true,"href":"https:\/\/modulfurniture.hu\/de\/wp-json\/wp\/v2\/users\/2"}],"replies":[{"embeddable":true,"href":"https:\/\/modulfurniture.hu\/de\/wp-json\/wp\/v2\/comments?post=2484"}],"version-history":[{"count":5,"href":"https:\/\/modulfurniture.hu\/de\/wp-json\/wp\/v2\/posts\/2484\/revisions"}],"predecessor-version":[{"id":2514,"href":"https:\/\/modulfurniture.hu\/de\/wp-json\/wp\/v2\/posts\/2484\/revisions\/2514"}],"wp:featuredmedia":[{"embeddable":true,"href":"https:\/\/modulfurniture.hu\/de\/wp-json\/wp\/v2\/media\/2501"}],"wp:attachment":[{"href":"https:\/\/modulfurniture.hu\/de\/wp-json\/wp\/v2\/media?parent=2484"}],"wp:term":[{"taxonomy":"category","embeddable":true,"href":"https:\/\/modulfurniture.hu\/de\/wp-json\/wp\/v2\/categories?post=2484"},{"taxonomy":"post_tag","embeddable":true,"href":"https:\/\/modulfurniture.hu\/de\/wp-json\/wp\/v2\/tags?post=2484"}],"curies":[{"name":"wp","href":"https:\/\/api.w.org\/{rel}","templated":true}]}}